{"id":238,"date":"2025-04-20T00:00:00","date_gmt":"2025-04-19T22:00:00","guid":{"rendered":"https:\/\/www.ffii.cz\/blog\/elmotorer-i-fokus-for-global-hallbarhet\/"},"modified":"2025-04-20T00:00:00","modified_gmt":"2025-04-19T22:00:00","slug":"elmotorer-i-fokus-for-global-hallbarhet","status":"publish","type":"post","link":"https:\/\/www.ffii.cz\/blog\/elmotorer-i-fokus-for-global-hallbarhet\/","title":{"rendered":"Elmotorer i fokus f\u00f6r global h\u00e5llbarhet"},"content":{"rendered":"<p>I dagens teknologiska v\u00e4rld \u00e4r eldrift mer relevant \u00e4n n\u00e5gonsin. Med en global str\u00e4van mot att minska koldioxidutsl\u00e4pp och uppn\u00e5 h\u00e5llbarhet har elmotorer blivit en central del av denna omst\u00e4llning. De har visat sig vara en effektiv l\u00f6sning f\u00f6r m\u00e5nga industrier och transportmedel. I denna artikel kommer vi att utforska f\u00f6rdelarna med elmotorer och deras v\u00e4xande betydelse inom olika sektorer. <\/p>\n<h2>F\u00f6rdelarna med elmotorer<\/h2>\n<p>En av de fr\u00e4msta f\u00f6rdelarna med elmotorer \u00e4r deras energieffektivitet. De konverterar en st\u00f6rre del av den elektriska energin till r\u00f6relseenergi j\u00e4mf\u00f6rt med deras fossila br\u00e4nslealternativ. Dessutom \u00e4r elmotorer tystare och kr\u00e4ver mindre underh\u00e5ll, vilket g\u00f6r dem mer kostnadseffektiva p\u00e5 l\u00e5ng sikt. De anv\u00e4nds allt oftare inom transportsektorn, s\u00e5som i elbilar och elektriska bussar, vilket bidrar till en renare och mer h\u00e5llbar milj\u00f6. <\/p>\n<p><iframe width=\"560\" height=\"315\" src=\"https:\/\/www.youtube.com\/embed\/3kwqoYCqe-Q?si=VQXdX6kYpobJMTGM\" title=\"YouTube video player\" frameborder=\"0\" allow=\"accelerometer; autoplay; clipboard-write; encrypted-media; gyroscope; picture-in-picture; web-share\" referrerpolicy=\"strict-origin-when-cross-origin\" allowfullscreen><\/iframe><\/p>\n<p>Dessutom finns det en bred variation av till\u00e4mpningar f\u00f6r elmotorer. Fr\u00e5n industriella automatiseringssystem till hush\u00e5llsapparater, har de ett brett anv\u00e4ndningsomr\u00e5de. Med den teknologiska utvecklingen ser vi ocks\u00e5 att elmotorer blir smartare genom integrationen av IoT-teknologi, vilket g\u00f6r dem mer anpassningsbara och effektiva. F\u00f6r mer information om olika typer av elmotorer, bes\u00f6k <a href=\"https:\/\/vyboelectric.com\/sv\/\">elmotorer<\/a> p\u00e5 v\u00e5r hemsida.<\/p>\n<p>Avslutningsvis spelar elmotorer en avg\u00f6rande roll i v\u00e5r globala energiomst\u00e4llning. Deras f\u00f6rdelar \u00e4r uppenbara och deras appliceringar \u00e4r n\u00e4stan o\u00e4ndliga. Allt fler f\u00f6retag och individer v\u00e4nder sig till denna gr\u00f6nare alternativ. Om du \u00e4r intresserad av att l\u00e4ra dig mer eller \u00f6verv\u00e4ga att implementera elmotorer i dina egna projekt, bes\u00f6k g\u00e4rna v\u00e5r sida <a href=\"https:\/\/vyboelectric.com\/sv\/\">VYBO Electric<\/a> f\u00f6r att uppt\u00e4cka de m\u00f6jligheter som finns tillg\u00e4ngliga.<\/p>\n","protected":false},"excerpt":{"rendered":"<p>I dagens teknologiska v\u00e4rld \u00e4r eldrift mer relevant \u00e4n n\u00e5gonsin. Med en global str\u00e4van mot att minska koldioxidutsl\u00e4pp och uppn\u00e5<\/p>\n<div class=\"read-more\"><a href=\"https:\/\/www.ffii.cz\/blog\/elmotorer-i-fokus-for-global-hallbarhet\/\" class=\"link\">Read More <i class=\"fa fa-angle-right\"><\/i><span class=\"screen-reader-text\"> &#8222;Elmotorer i fokus f\u00f6r global h\u00e5llbarhet&#8220;<\/span><\/a><\/div>\n","protected":false},"author":1,"featured_media":228,"comment_status":"","ping_status":"","sticky":false,"template":"","format":"standard","meta":{"footnotes":""},"categories":[6,3],"tags":[],"class_list":["post-238","post","type-post","status-publish","format-standard","has-post-thumbnail","hentry","category-priemysel","category-technologie"],"yoast_head":"<!-- This site is optimized with the Yoast SEO plugin v26.2 - https:\/\/yoast.com\/wordpress\/plugins\/seo\/ -->\n<title>Elmotorer i fokus f\u00f6r global h\u00e5llbarhet - FFII<\/title>\n<meta name=\"robots\" content=\"index, follow, max-snippet:-1, max-image-preview:large, max-video-preview:-1\" \/>\n<link rel=\"canonical\" href=\"https:\/\/www.ffii.cz\/blog\/elmotorer-i-fokus-for-global-hallbarhet\/\" \/>\n<meta property=\"og:locale\" content=\"sk_SK\" \/>\n<meta property=\"og:type\" content=\"article\" \/>\n<meta property=\"og:title\" content=\"Elmotorer i fokus f\u00f6r global h\u00e5llbarhet - FFII\" \/>\n<meta property=\"og:description\" content=\"I dagens teknologiska v\u00e4rld \u00e4r eldrift mer relevant \u00e4n n\u00e5gonsin. Med en global str\u00e4van mot att minska koldioxidutsl\u00e4pp och uppn\u00e5Read More &quot;Elmotorer i fokus f\u00f6r global h\u00e5llbarhet&quot;\" \/>\n<meta property=\"og:url\" content=\"https:\/\/www.ffii.cz\/blog\/elmotorer-i-fokus-for-global-hallbarhet\/\" \/>\n<meta property=\"og:site_name\" content=\"FFII\" \/>\n<meta property=\"article:published_time\" content=\"2025-04-19T22:00:00+00:00\" \/>\n<meta name=\"author\" content=\"Martin Bursk\u00fd\" \/>\n<meta name=\"twitter:card\" content=\"summary_large_image\" \/>\n<meta name=\"twitter:label1\" content=\"Autor\" \/>\n\t<meta name=\"twitter:data1\" content=\"Martin Bursk\u00fd\" \/>\n\t<meta name=\"twitter:label2\" content=\"Predpokladan\u00fd \u010das \u010d\u00edtania\" \/>\n\t<meta name=\"twitter:data2\" content=\"1 min\u00fata\" \/>\n<script type=\"application\/ld+json\" class=\"yoast-schema-graph\">{\"@context\":\"https:\/\/schema.org\",\"@graph\":[{\"@type\":\"Article\",\"@id\":\"https:\/\/www.ffii.cz\/blog\/elmotorer-i-fokus-for-global-hallbarhet\/#article\",\"isPartOf\":{\"@id\":\"https:\/\/www.ffii.cz\/blog\/elmotorer-i-fokus-for-global-hallbarhet\/\"},\"author\":{\"name\":\"Martin Bursk\u00fd\",\"@id\":\"https:\/\/www.ffii.cz\/blog\/#\/schema\/person\/78991a1e44a0cebba2b9f72c966fec05\"},\"headline\":\"Elmotorer i fokus f\u00f6r global h\u00e5llbarhet\",\"datePublished\":\"2025-04-19T22:00:00+00:00\",\"mainEntityOfPage\":{\"@id\":\"https:\/\/www.ffii.cz\/blog\/elmotorer-i-fokus-for-global-hallbarhet\/\"},\"wordCount\":306,\"publisher\":{\"@id\":\"https:\/\/www.ffii.cz\/blog\/#organization\"},\"image\":{\"@id\":\"https:\/\/www.ffii.cz\/blog\/elmotorer-i-fokus-for-global-hallbarhet\/#primaryimage\"},\"thumbnailUrl\":\"https:\/\/www.ffii.cz\/blog\/wp-content\/uploads\/2025\/05\/1747395936.png\",\"articleSection\":[\"Priemysel\",\"Technol\u00f3gie\"],\"inLanguage\":\"sk-SK\"},{\"@type\":\"WebPage\",\"@id\":\"https:\/\/www.ffii.cz\/blog\/elmotorer-i-fokus-for-global-hallbarhet\/\",\"url\":\"https:\/\/www.ffii.cz\/blog\/elmotorer-i-fokus-for-global-hallbarhet\/\",\"name\":\"Elmotorer i fokus f\u00f6r global h\u00e5llbarhet - FFII\",\"isPartOf\":{\"@id\":\"https:\/\/www.ffii.cz\/blog\/#website\"},\"primaryImageOfPage\":{\"@id\":\"https:\/\/www.ffii.cz\/blog\/elmotorer-i-fokus-for-global-hallbarhet\/#primaryimage\"},\"image\":{\"@id\":\"https:\/\/www.ffii.cz\/blog\/elmotorer-i-fokus-for-global-hallbarhet\/#primaryimage\"},\"thumbnailUrl\":\"https:\/\/www.ffii.cz\/blog\/wp-content\/uploads\/2025\/05\/1747395936.png\",\"datePublished\":\"2025-04-19T22:00:00+00:00\",\"breadcrumb\":{\"@id\":\"https:\/\/www.ffii.cz\/blog\/elmotorer-i-fokus-for-global-hallbarhet\/#breadcrumb\"},\"inLanguage\":\"sk-SK\",\"potentialAction\":[{\"@type\":\"ReadAction\",\"target\":[\"https:\/\/www.ffii.cz\/blog\/elmotorer-i-fokus-for-global-hallbarhet\/\"]}]},{\"@type\":\"ImageObject\",\"inLanguage\":\"sk-SK\",\"@id\":\"https:\/\/www.ffii.cz\/blog\/elmotorer-i-fokus-for-global-hallbarhet\/#primaryimage\",\"url\":\"https:\/\/www.ffii.cz\/blog\/wp-content\/uploads\/2025\/05\/1747395936.png\",\"contentUrl\":\"https:\/\/www.ffii.cz\/blog\/wp-content\/uploads\/2025\/05\/1747395936.png\",\"width\":1792,\"height\":1024,\"caption\":\"Elmotorer i fokus f\u00f6r global h\u00e5llbarhet\"},{\"@type\":\"BreadcrumbList\",\"@id\":\"https:\/\/www.ffii.cz\/blog\/elmotorer-i-fokus-for-global-hallbarhet\/#breadcrumb\",\"itemListElement\":[{\"@type\":\"ListItem\",\"position\":1,\"name\":\"Domovsk\u00e1 str\u00e1nka\",\"item\":\"https:\/\/www.ffii.cz\/blog\/\"},{\"@type\":\"ListItem\",\"position\":2,\"name\":\"Elmotorer i fokus f\u00f6r global h\u00e5llbarhet\"}]},{\"@type\":\"WebSite\",\"@id\":\"https:\/\/www.ffii.cz\/blog\/#website\",\"url\":\"https:\/\/www.ffii.cz\/blog\/\",\"name\":\"FFII\",\"description\":\"Produkty a slu\u017eby 2024\",\"publisher\":{\"@id\":\"https:\/\/www.ffii.cz\/blog\/#organization\"},\"potentialAction\":[{\"@type\":\"SearchAction\",\"target\":{\"@type\":\"EntryPoint\",\"urlTemplate\":\"https:\/\/www.ffii.cz\/blog\/?s={search_term_string}\"},\"query-input\":{\"@type\":\"PropertyValueSpecification\",\"valueRequired\":true,\"valueName\":\"search_term_string\"}}],\"inLanguage\":\"sk-SK\"},{\"@type\":\"Organization\",\"@id\":\"https:\/\/www.ffii.cz\/blog\/#organization\",\"name\":\"FFII\",\"url\":\"https:\/\/www.ffii.cz\/blog\/\",\"logo\":{\"@type\":\"ImageObject\",\"inLanguage\":\"sk-SK\",\"@id\":\"https:\/\/www.ffii.cz\/blog\/#\/schema\/logo\/image\/\",\"url\":\"https:\/\/www.ffii.cz\/blog\/wp-content\/uploads\/2025\/05\/cropped-ffii-logo-2.jpg\",\"contentUrl\":\"https:\/\/www.ffii.cz\/blog\/wp-content\/uploads\/2025\/05\/cropped-ffii-logo-2.jpg\",\"width\":625,\"height\":250,\"caption\":\"FFII\"},\"image\":{\"@id\":\"https:\/\/www.ffii.cz\/blog\/#\/schema\/logo\/image\/\"}},{\"@type\":\"Person\",\"@id\":\"https:\/\/www.ffii.cz\/blog\/#\/schema\/person\/78991a1e44a0cebba2b9f72c966fec05\",\"name\":\"Martin Bursk\u00fd\",\"image\":{\"@type\":\"ImageObject\",\"inLanguage\":\"sk-SK\",\"@id\":\"https:\/\/www.ffii.cz\/blog\/#\/schema\/person\/image\/\",\"url\":\"https:\/\/secure.gravatar.com\/avatar\/1b94bd0e9dbbfcf615b1f7caaab04941374e0a871eb690e0747582211e3e3dc2?s=96&d=mm&r=g\",\"contentUrl\":\"https:\/\/secure.gravatar.com\/avatar\/1b94bd0e9dbbfcf615b1f7caaab04941374e0a871eb690e0747582211e3e3dc2?s=96&d=mm&r=g\",\"caption\":\"Martin Bursk\u00fd\"},\"sameAs\":[\"https:\/\/www.ffii.cz\/blog\"],\"url\":\"https:\/\/www.ffii.cz\/blog\/author\/adamovicseo\/\"}]}<\/script>\n<!-- \/ Yoast SEO plugin. -->","yoast_head_json":{"title":"Elmotorer i fokus f\u00f6r global h\u00e5llbarhet - FFII","robots":{"index":"index","follow":"follow","max-snippet":"max-snippet:-1","max-image-preview":"max-image-preview:large","max-video-preview":"max-video-preview:-1"},"canonical":"https:\/\/www.ffii.cz\/blog\/elmotorer-i-fokus-for-global-hallbarhet\/","og_locale":"sk_SK","og_type":"article","og_title":"Elmotorer i fokus f\u00f6r global h\u00e5llbarhet - FFII","og_description":"I dagens teknologiska v\u00e4rld \u00e4r eldrift mer relevant \u00e4n n\u00e5gonsin. Med en global str\u00e4van mot att minska koldioxidutsl\u00e4pp och uppn\u00e5Read More \"Elmotorer i fokus f\u00f6r global h\u00e5llbarhet\"","og_url":"https:\/\/www.ffii.cz\/blog\/elmotorer-i-fokus-for-global-hallbarhet\/","og_site_name":"FFII","article_published_time":"2025-04-19T22:00:00+00:00","author":"Martin Bursk\u00fd","twitter_card":"summary_large_image","twitter_misc":{"Autor":"Martin Bursk\u00fd","Predpokladan\u00fd \u010das \u010d\u00edtania":"1 min\u00fata"},"schema":{"@context":"https:\/\/schema.org","@graph":[{"@type":"Article","@id":"https:\/\/www.ffii.cz\/blog\/elmotorer-i-fokus-for-global-hallbarhet\/#article","isPartOf":{"@id":"https:\/\/www.ffii.cz\/blog\/elmotorer-i-fokus-for-global-hallbarhet\/"},"author":{"name":"Martin Bursk\u00fd","@id":"https:\/\/www.ffii.cz\/blog\/#\/schema\/person\/78991a1e44a0cebba2b9f72c966fec05"},"headline":"Elmotorer i fokus f\u00f6r global h\u00e5llbarhet","datePublished":"2025-04-19T22:00:00+00:00","mainEntityOfPage":{"@id":"https:\/\/www.ffii.cz\/blog\/elmotorer-i-fokus-for-global-hallbarhet\/"},"wordCount":306,"publisher":{"@id":"https:\/\/www.ffii.cz\/blog\/#organization"},"image":{"@id":"https:\/\/www.ffii.cz\/blog\/elmotorer-i-fokus-for-global-hallbarhet\/#primaryimage"},"thumbnailUrl":"https:\/\/www.ffii.cz\/blog\/wp-content\/uploads\/2025\/05\/1747395936.png","articleSection":["Priemysel","Technol\u00f3gie"],"inLanguage":"sk-SK"},{"@type":"WebPage","@id":"https:\/\/www.ffii.cz\/blog\/elmotorer-i-fokus-for-global-hallbarhet\/","url":"https:\/\/www.ffii.cz\/blog\/elmotorer-i-fokus-for-global-hallbarhet\/","name":"Elmotorer i fokus f\u00f6r global h\u00e5llbarhet - FFII","isPartOf":{"@id":"https:\/\/www.ffii.cz\/blog\/#website"},"primaryImageOfPage":{"@id":"https:\/\/www.ffii.cz\/blog\/elmotorer-i-fokus-for-global-hallbarhet\/#primaryimage"},"image":{"@id":"https:\/\/www.ffii.cz\/blog\/elmotorer-i-fokus-for-global-hallbarhet\/#primaryimage"},"thumbnailUrl":"https:\/\/www.ffii.cz\/blog\/wp-content\/uploads\/2025\/05\/1747395936.png","datePublished":"2025-04-19T22:00:00+00:00","breadcrumb":{"@id":"https:\/\/www.ffii.cz\/blog\/elmotorer-i-fokus-for-global-hallbarhet\/#breadcrumb"},"inLanguage":"sk-SK","potentialAction":[{"@type":"ReadAction","target":["https:\/\/www.ffii.cz\/blog\/elmotorer-i-fokus-for-global-hallbarhet\/"]}]},{"@type":"ImageObject","inLanguage":"sk-SK","@id":"https:\/\/www.ffii.cz\/blog\/elmotorer-i-fokus-for-global-hallbarhet\/#primaryimage","url":"https:\/\/www.ffii.cz\/blog\/wp-content\/uploads\/2025\/05\/1747395936.png","contentUrl":"https:\/\/www.ffii.cz\/blog\/wp-content\/uploads\/2025\/05\/1747395936.png","width":1792,"height":1024,"caption":"Elmotorer i fokus f\u00f6r global h\u00e5llbarhet"},{"@type":"BreadcrumbList","@id":"https:\/\/www.ffii.cz\/blog\/elmotorer-i-fokus-for-global-hallbarhet\/#breadcrumb","itemListElement":[{"@type":"ListItem","position":1,"name":"Domovsk\u00e1 str\u00e1nka","item":"https:\/\/www.ffii.cz\/blog\/"},{"@type":"ListItem","position":2,"name":"Elmotorer i fokus f\u00f6r global h\u00e5llbarhet"}]},{"@type":"WebSite","@id":"https:\/\/www.ffii.cz\/blog\/#website","url":"https:\/\/www.ffii.cz\/blog\/","name":"FFII","description":"Produkty a slu\u017eby 2024","publisher":{"@id":"https:\/\/www.ffii.cz\/blog\/#organization"},"potentialAction":[{"@type":"SearchAction","target":{"@type":"EntryPoint","urlTemplate":"https:\/\/www.ffii.cz\/blog\/?s={search_term_string}"},"query-input":{"@type":"PropertyValueSpecification","valueRequired":true,"valueName":"search_term_string"}}],"inLanguage":"sk-SK"},{"@type":"Organization","@id":"https:\/\/www.ffii.cz\/blog\/#organization","name":"FFII","url":"https:\/\/www.ffii.cz\/blog\/","logo":{"@type":"ImageObject","inLanguage":"sk-SK","@id":"https:\/\/www.ffii.cz\/blog\/#\/schema\/logo\/image\/","url":"https:\/\/www.ffii.cz\/blog\/wp-content\/uploads\/2025\/05\/cropped-ffii-logo-2.jpg","contentUrl":"https:\/\/www.ffii.cz\/blog\/wp-content\/uploads\/2025\/05\/cropped-ffii-logo-2.jpg","width":625,"height":250,"caption":"FFII"},"image":{"@id":"https:\/\/www.ffii.cz\/blog\/#\/schema\/logo\/image\/"}},{"@type":"Person","@id":"https:\/\/www.ffii.cz\/blog\/#\/schema\/person\/78991a1e44a0cebba2b9f72c966fec05","name":"Martin Bursk\u00fd","image":{"@type":"ImageObject","inLanguage":"sk-SK","@id":"https:\/\/www.ffii.cz\/blog\/#\/schema\/person\/image\/","url":"https:\/\/secure.gravatar.com\/avatar\/1b94bd0e9dbbfcf615b1f7caaab04941374e0a871eb690e0747582211e3e3dc2?s=96&d=mm&r=g","contentUrl":"https:\/\/secure.gravatar.com\/avatar\/1b94bd0e9dbbfcf615b1f7caaab04941374e0a871eb690e0747582211e3e3dc2?s=96&d=mm&r=g","caption":"Martin Bursk\u00fd"},"sameAs":["https:\/\/www.ffii.cz\/blog"],"url":"https:\/\/www.ffii.cz\/blog\/author\/adamovicseo\/"}]}},"_links":{"self":[{"href":"https:\/\/www.ffii.cz\/blog\/wp-json\/wp\/v2\/posts\/238","targetHints":{"allow":["GET"]}}],"collection":[{"href":"https:\/\/www.ffii.cz\/blog\/wp-json\/wp\/v2\/posts"}],"about":[{"href":"https:\/\/www.ffii.cz\/blog\/wp-json\/wp\/v2\/types\/post"}],"author":[{"embeddable":true,"href":"https:\/\/www.ffii.cz\/blog\/wp-json\/wp\/v2\/users\/1"}],"replies":[{"embeddable":true,"href":"https:\/\/www.ffii.cz\/blog\/wp-json\/wp\/v2\/comments?post=238"}],"version-history":[{"count":0,"href":"https:\/\/www.ffii.cz\/blog\/wp-json\/wp\/v2\/posts\/238\/revisions"}],"wp:featuredmedia":[{"embeddable":true,"href":"https:\/\/www.ffii.cz\/blog\/wp-json\/wp\/v2\/media\/228"}],"wp:attachment":[{"href":"https:\/\/www.ffii.cz\/blog\/wp-json\/wp\/v2\/media?parent=238"}],"wp:term":[{"taxonomy":"category","embeddable":true,"href":"https:\/\/www.ffii.cz\/blog\/wp-json\/wp\/v2\/categories?post=238"},{"taxonomy":"post_tag","embeddable":true,"href":"https:\/\/www.ffii.cz\/blog\/wp-json\/wp\/v2\/tags?post=238"}],"curies":[{"name":"wp","href":"https:\/\/api.w.org\/{rel}","templated":true}]}}